{"id":1835,"date":"2019-11-26T10:56:43","date_gmt":"2019-11-26T09:56:43","guid":{"rendered":"https:\/\/www.energika.it\/news\/eneractua-como-ahorrar-en-el-precio-y-el-consumo-de-electricidad-y-gas\/"},"modified":"2025-04-09T14:19:22","modified_gmt":"2025-04-09T12:19:22","slug":"eneractua-como-ahorrar-en-el-precio-y-el-consumo-de-electricidad-y-gas","status":"publish","type":"post","link":"https:\/\/www.energika.it\/es\/news\/eneractua-como-ahorrar-en-el-precio-y-el-consumo-de-electricidad-y-gas\/","title":{"rendered":"ENERACTUA: C\u00d3MO AHORRAR EN EL PRECIO Y EL CONSUMO DE ELECTRICIDAD Y GAS"},"content":{"rendered":"<p class=\"p1\" style=\"text-align: center\"><span style=\"font-size: 16pt\">El pr\u00f3ximo mi\u00e9rcoles 4 de diciembre, nuestro Ing. Paglierani, cofundador de la empresa espa\u00f1ola <a href=\"https:\/\/eneractua.es\/\" target=\"_blank\" rel=\"noopener\">Eneractua<\/a>, explicar\u00e1 a las empresas miembros del De La Rioja Marketing Club c\u00f3mo reducir el gasto energ\u00e9tico gracias al conocimiento de los mercados energ\u00e9ticos y las intervenciones de eficiencia energ\u00e9tica.<\/span><\/p>\n<p class=\"p1\">Aqu\u00ed est\u00e1n los <a href=\"http:\/\/cmrioja.com\/afterwork-c%C3%B3mo-ahorrar-en-el-precio-y-el-consumo-de-tus-facturas-de-electricidad-y-gas-en-tu-empresa\" target=\"_blank\" rel=\"noopener\">detalles del evento<\/a>:<\/p>\n<p class=\"p1\">Cu\u00e1ndo: 4 de diciembre de 2019, de 7:00 p.m. a 8:30 p.m.<\/p>\n<p class=\"p1\">D\u00f3nde: La Rioja Club de Marketing. C \/ Medrano No. 12. Logro\u00f1o<\/p>\n<p class=\"p1\">Precio: gratuita<\/p>\n<p>&nbsp;<\/p>\n","protected":false},"excerpt":{"rendered":"<p>El pr\u00f3ximo mi\u00e9rcoles 4 de diciembre, nuestro Ing. Paglierani, cofundador de la empresa espa\u00f1ola Eneractua, explicar\u00e1 a las empresas miembros del De La Rioja Marketing Club c\u00f3mo reducir el gasto energ\u00e9tico gracias al conocimiento de los mercados energ\u00e9ticos y las intervenciones de eficiencia energ\u00e9tica. Aqu\u00ed est\u00e1n los detalles del evento: Cu\u00e1ndo: 4 de diciembre de [&hellip;]<\/p>\n","protected":false},"author":1,"featured_media":1306,"comment_status":"closed","ping_status":"closed","sticky":false,"template":"","format":"standard","meta":{"_acf_changed":false,"footnotes":""},"categories":[11],"tags":[],"class_list":["post-1835","post","type-post","status-publish","format-standard","has-post-thumbnail","hentry","category-news"],"acf":[],"_links":{"self":[{"href":"https:\/\/www.energika.it\/es\/wp-json\/wp\/v2\/posts\/1835","targetHints":{"allow":["GET"]}}],"collection":[{"href":"https:\/\/www.energika.it\/es\/wp-json\/wp\/v2\/posts"}],"about":[{"href":"https:\/\/www.energika.it\/es\/wp-json\/wp\/v2\/types\/post"}],"author":[{"embeddable":true,"href":"https:\/\/www.energika.it\/es\/wp-json\/wp\/v2\/users\/1"}],"replies":[{"embeddable":true,"href":"https:\/\/www.energika.it\/es\/wp-json\/wp\/v2\/comments?post=1835"}],"version-history":[{"count":1,"href":"https:\/\/www.energika.it\/es\/wp-json\/wp\/v2\/posts\/1835\/revisions"}],"predecessor-version":[{"id":8417,"href":"https:\/\/www.energika.it\/es\/wp-json\/wp\/v2\/posts\/1835\/revisions\/8417"}],"wp:featuredmedia":[{"embeddable":true,"href":"https:\/\/www.energika.it\/es\/wp-json\/wp\/v2\/media\/1306"}],"wp:attachment":[{"href":"https:\/\/www.energika.it\/es\/wp-json\/wp\/v2\/media?parent=1835"}],"wp:term":[{"taxonomy":"category","embeddable":true,"href":"https:\/\/www.energika.it\/es\/wp-json\/wp\/v2\/categories?post=1835"},{"taxonomy":"post_tag","embeddable":true,"href":"https:\/\/www.energika.it\/es\/wp-json\/wp\/v2\/tags?post=1835"}],"curies":[{"name":"wp","href":"https:\/\/api.w.org\/{rel}","templated":true}]}}