{"id":11376,"date":"2024-10-21T11:07:16","date_gmt":"2024-10-21T09:07:16","guid":{"rendered":"https:\/\/www.energika.it\/sin-categoria\/a-sustaintech-synergy-energika-su-tv-7-gold\/"},"modified":"2024-10-21T11:07:16","modified_gmt":"2024-10-21T09:07:16","slug":"a-sustaintech-synergy-energika-su-tv-7-gold","status":"publish","type":"post","link":"https:\/\/www.energika.it\/es\/press\/a-sustaintech-synergy-energika-su-tv-7-gold\/","title":{"rendered":"A SustainTech Synergy: Energika su TV 7 GOLD"},"content":{"rendered":"<p>Lo scorso 15 ottobre abbiamo avuto il piacere di ufficializzare, tramite un evento al Grand Hotel di Rimini, la partnership con Tecno Group, leader nel settore della sostenibilit\u00e0 industriale.<\/p>\n<p>Lo abbiamo fatto nel modo che pi\u00f9 ci rappresenta: un momento di aggregazione, fatto di spunti per lo sviluppo e la prosperit\u00e0 delle imprese e di incontri fra le persone, che sono la base fondante e fondamentale delle nostre realt\u00e0.<\/p>\n<p><iframe title=\"Grand Hotel Rimini. Presentazione dell\u2019accordo strategico tra Energika Srl e Tecno Group\" width=\"800\" height=\"450\" src=\"https:\/\/www.youtube.com\/embed\/JMZKlvqoCsY?feature=oembed\" frameborder=\"0\" allow=\"accelerometer; autoplay; clipboard-write; encrypted-media; gyroscope; picture-in-picture; web-share\" referrerpolicy=\"strict-origin-when-cross-origin\" allowfullscreen><\/iframe><\/p>\n<p>Lo abbiamo fatto con degli ospiti di eccezione, perch\u00e9 fosse davvero un momento utile per i clienti che hanno partecipato: ringraziamo pertanto il professor Paolo Taticchi (Professor in Strategy and Sustainability, Co-Director, UCL Centre for Sustainable Business e School Deputy Director (Global Engagement, Executive Education) e il professor Leonardo Setti (President of the Solar Community Center, Dept of Industrial Chemistry Ue4 &#8211; University of Bologna).<\/p>\n<p>Questo \u00e8 per noi l&#8217;inizio di un nuovo capitolo, che porter\u00e0 nuove opportunit\u00e0 per noi, per il Tecno Group e per le aziende che vorranno percorrere con noi questo nuovo cammino.<\/p>\n","protected":false},"excerpt":{"rendered":"<p>Lo scorso 15 ottobre abbiamo avuto il piacere di ufficializzare, tramite un evento al Grand Hotel di Rimini, la partnership con Tecno Group, leader nel settore della sostenibilit\u00e0 industriale. Lo abbiamo fatto nel modo che pi\u00f9 ci rappresenta: un momento di aggregazione, fatto di spunti per lo sviluppo e la prosperit\u00e0 delle imprese e di [&hellip;]<\/p>\n","protected":false},"author":1,"featured_media":10774,"comment_status":"closed","ping_status":"open","sticky":false,"template":"","format":"standard","meta":{"_acf_changed":false,"footnotes":""},"categories":[42],"tags":[],"class_list":["post-11376","post","type-post","status-publish","format-standard","has-post-thumbnail","hentry","category-press"],"acf":[],"_links":{"self":[{"href":"https:\/\/www.energika.it\/es\/wp-json\/wp\/v2\/posts\/11376","targetHints":{"allow":["GET"]}}],"collection":[{"href":"https:\/\/www.energika.it\/es\/wp-json\/wp\/v2\/posts"}],"about":[{"href":"https:\/\/www.energika.it\/es\/wp-json\/wp\/v2\/types\/post"}],"author":[{"embeddable":true,"href":"https:\/\/www.energika.it\/es\/wp-json\/wp\/v2\/users\/1"}],"replies":[{"embeddable":true,"href":"https:\/\/www.energika.it\/es\/wp-json\/wp\/v2\/comments?post=11376"}],"version-history":[{"count":0,"href":"https:\/\/www.energika.it\/es\/wp-json\/wp\/v2\/posts\/11376\/revisions"}],"wp:featuredmedia":[{"embeddable":true,"href":"https:\/\/www.energika.it\/es\/wp-json\/wp\/v2\/media\/10774"}],"wp:attachment":[{"href":"https:\/\/www.energika.it\/es\/wp-json\/wp\/v2\/media?parent=11376"}],"wp:term":[{"taxonomy":"category","embeddable":true,"href":"https:\/\/www.energika.it\/es\/wp-json\/wp\/v2\/categories?post=11376"},{"taxonomy":"post_tag","embeddable":true,"href":"https:\/\/www.energika.it\/es\/wp-json\/wp\/v2\/tags?post=11376"}],"curies":[{"name":"wp","href":"https:\/\/api.w.org\/{rel}","templated":true}]}}