{"id":11055,"date":"2025-03-07T10:19:17","date_gmt":"2025-03-07T09:19:17","guid":{"rendered":"https:\/\/www.energika.it\/sin-categoria\/empresarias-de-exito-chiara-magnani-en-el-resto-del-carlino\/"},"modified":"2025-04-10T18:17:19","modified_gmt":"2025-04-10T16:17:19","slug":"empresarias-de-exito-chiara-magnani-en-el-resto-del-carlino","status":"publish","type":"post","link":"https:\/\/www.energika.it\/es\/press\/empresarias-de-exito-chiara-magnani-en-el-resto-del-carlino\/","title":{"rendered":"Empresarias de \u00e9xito: Chiara Magnani en el Resto del Carlino"},"content":{"rendered":"<p>Nuestra Directora T\u00e9cnica, Chiara Magnani, fue galardonada junto con otras ocho empresarias por su compromiso y contribuci\u00f3n a la aplicaci\u00f3n de pol\u00edticas empresariales de capacitaci\u00f3n femenina. El mundo laboral, especialmente en los campos cient\u00edficos y t\u00e9cnicos, sigue siendo puramente masculino, pero gracias al compromiso y al trabajo conjunto de hombres y mujeres, \u00a1podemos marcar la diferencia!<\/p>\n<p><iframe title=\"Premio Imprenditrici di successo 2025\" width=\"800\" height=\"450\" src=\"https:\/\/www.youtube.com\/embed\/mew0LnGu9KI?feature=oembed\" frameborder=\"0\" allow=\"accelerometer; autoplay; clipboard-write; encrypted-media; gyroscope; picture-in-picture; web-share\" referrerpolicy=\"strict-origin-when-cross-origin\" allowfullscreen><\/iframe><\/p>\n<p><a href=\"https:\/\/www.energika.it\/wp-content\/uploads\/2025\/03\/WhatsApp-Image-2025-03-07-at-09.40.17.jpeg\"><img fetchpriority=\"high\" decoding=\"async\" class=\"alignleft size-full wp-image-8349\" src=\"https:\/\/www.energika.it\/wp-content\/uploads\/2025\/03\/WhatsApp-Image-2025-03-07-at-09.40.17.jpeg\" alt=\"\" width=\"1284\" height=\"1169\"><\/a><\/p>\n","protected":false},"excerpt":{"rendered":"<p>Nuestra Directora T\u00e9cnica, Chiara Magnani, fue galardonada junto con otras ocho empresarias por su compromiso y contribuci\u00f3n a la aplicaci\u00f3n de pol\u00edticas empresariales de capacitaci\u00f3n femenina. El mundo laboral, especialmente en los campos cient\u00edficos y t\u00e9cnicos, sigue siendo puramente masculino, pero gracias al compromiso y al trabajo conjunto de hombres y mujeres, \u00a1podemos marcar la [&hellip;]<\/p>\n","protected":false},"author":1,"featured_media":10680,"comment_status":"closed","ping_status":"open","sticky":false,"template":"","format":"standard","meta":{"_acf_changed":false,"footnotes":""},"categories":[42],"tags":[],"class_list":["post-11055","post","type-post","status-publish","format-standard","has-post-thumbnail","hentry","category-press"],"acf":[],"_links":{"self":[{"href":"https:\/\/www.energika.it\/es\/wp-json\/wp\/v2\/posts\/11055","targetHints":{"allow":["GET"]}}],"collection":[{"href":"https:\/\/www.energika.it\/es\/wp-json\/wp\/v2\/posts"}],"about":[{"href":"https:\/\/www.energika.it\/es\/wp-json\/wp\/v2\/types\/post"}],"author":[{"embeddable":true,"href":"https:\/\/www.energika.it\/es\/wp-json\/wp\/v2\/users\/1"}],"replies":[{"embeddable":true,"href":"https:\/\/www.energika.it\/es\/wp-json\/wp\/v2\/comments?post=11055"}],"version-history":[{"count":1,"href":"https:\/\/www.energika.it\/es\/wp-json\/wp\/v2\/posts\/11055\/revisions"}],"predecessor-version":[{"id":11082,"href":"https:\/\/www.energika.it\/es\/wp-json\/wp\/v2\/posts\/11055\/revisions\/11082"}],"wp:featuredmedia":[{"embeddable":true,"href":"https:\/\/www.energika.it\/es\/wp-json\/wp\/v2\/media\/10680"}],"wp:attachment":[{"href":"https:\/\/www.energika.it\/es\/wp-json\/wp\/v2\/media?parent=11055"}],"wp:term":[{"taxonomy":"category","embeddable":true,"href":"https:\/\/www.energika.it\/es\/wp-json\/wp\/v2\/categories?post=11055"},{"taxonomy":"post_tag","embeddable":true,"href":"https:\/\/www.energika.it\/es\/wp-json\/wp\/v2\/tags?post=11055"}],"curies":[{"name":"wp","href":"https:\/\/api.w.org\/{rel}","templated":true}]}}